{"id":59,"date":"2025-08-22T01:31:28","date_gmt":"2025-08-22T01:31:28","guid":{"rendered":"https:\/\/skylineru.net\/?p=59"},"modified":"2025-08-12T01:33:54","modified_gmt":"2025-08-12T01:33:54","slug":"faseolamina-como-funciona-beneficios-e-quando-considerar-o-uso-personalizado-pela-biofase","status":"publish","type":"post","link":"https:\/\/skylineru.net\/?p=59","title":{"rendered":"Faseolamina: como funciona, benef\u00edcios e quando considerar o uso personalizado pela Biofase"},"content":{"rendered":"\n<p>A<a href=\"https:\/\/www.biofase.com.br\/faseolamina-500-mg\" target=\"_blank\" rel=\"noopener\"> <strong>faseolamina<\/strong><\/a> \u00e9 um ativo natural extra\u00eddo do feij\u00e3o-branco (<em>Phaseolus vulgaris<\/em>), conhecida principalmente por sua a\u00e7\u00e3o no bloqueio parcial da absor\u00e7\u00e3o de carboidratos. Muito utilizada em protocolos de emagrecimento e controle glic\u00eamico, ela atua de forma segura e pode ser potencializada quando manipulada sob medida.<\/p>\n\n\n\n<h2 class=\"wp-block-heading\"><strong>O que \u00e9 a faseolamina<\/strong><\/h2>\n\n\n\n<p>A<a href=\"https:\/\/www.biofase.com.br\/faseolamina-500-mg\" target=\"_blank\" rel=\"noopener\"> <strong>faseolamina<\/strong><\/a> \u00e9 uma glicoprote\u00edna que inibe a a\u00e7\u00e3o da enzima alfa-amilase, respons\u00e1vel por quebrar o amido em mol\u00e9culas menores para absor\u00e7\u00e3o. Com essa inibi\u00e7\u00e3o, parte dos carboidratos ingeridos deixa de ser absorvida, resultando em menor aporte cal\u00f3rico e impacto reduzido na glicemia.<\/p>\n\n\n\n<h2 class=\"wp-block-heading\"><strong>Benef\u00edcios da faseolamina<\/strong><\/h2>\n\n\n\n<ul class=\"wp-block-list\">\n<li><strong>Aux\u00edlio no controle de peso<\/strong> \u2013 reduz a absor\u00e7\u00e3o cal\u00f3rica proveniente de carboidratos.<br><\/li>\n\n\n\n<li><strong>Melhora do controle glic\u00eamico<\/strong> \u2013 ajuda a estabilizar os n\u00edveis de a\u00e7\u00facar no sangue.<br><\/li>\n\n\n\n<li><strong>Redu\u00e7\u00e3o de picos de insulina<\/strong> \u2013 favorece menor ac\u00famulo de gordura corporal.<br><\/li>\n\n\n\n<li><strong>Apoio em dietas low carb ou hipocal\u00f3ricas<\/strong> \u2013 complementa a estrat\u00e9gia alimentar.<br><\/li>\n<\/ul>\n\n\n\n<h2 class=\"wp-block-heading\"><strong>Como a faseolamina atua no organismo<\/strong><\/h2>\n\n\n\n<p>Ao bloquear parcialmente a digest\u00e3o do amido, a <a href=\"https:\/\/www.biofase.com.br\/faseolamina-500-mg\" target=\"_blank\" rel=\"noopener\"><strong>faseolamina<\/strong> <\/a>contribui para que o corpo utilize mais gordura como fonte de energia, especialmente quando associada a treinos e alimenta\u00e7\u00e3o equilibrada. Seu efeito \u00e9 mais significativo quando ingerida antes de refei\u00e7\u00f5es ricas em carboidratos complexos, como massas, p\u00e3es e arroz.<\/p>\n\n\n\n<h2 class=\"wp-block-heading\"><strong>Quando considerar o uso da faseolamina<\/strong><\/h2>\n\n\n\n<ul class=\"wp-block-list\">\n<li>Durante programas de emagrecimento para potencializar o d\u00e9ficit cal\u00f3rico.<br><\/li>\n\n\n\n<li>Em casos de resist\u00eancia insul\u00ednica ou pr\u00e9-diabetes (com orienta\u00e7\u00e3o profissional).<br><\/li>\n\n\n\n<li>Para auxiliar no controle de compuls\u00e3o por carboidratos.<br><\/li>\n\n\n\n<li>Como suporte em per\u00edodos festivos ou refei\u00e7\u00f5es mais ricas em amido.<br><\/li>\n<\/ul>\n\n\n\n<h2 class=\"wp-block-heading\"><strong>Como usar a faseolamina de forma segura<\/strong><\/h2>\n\n\n\n<p>O protocolo de uso da<a href=\"https:\/\/www.biofase.com.br\/faseolamina-500-mg\" target=\"_blank\" rel=\"noopener\"> <strong>faseolamina<\/strong><\/a> deve ser adaptado ao perfil do paciente. Em geral, \u00e9 administrada em c\u00e1psulas, cerca de 30 minutos antes das principais refei\u00e7\u00f5es contendo carboidratos. Na manipula\u00e7\u00e3o, \u00e9 poss\u00edvel ajustar a dose exata e associ\u00e1-la a outros ativos sin\u00e9rgicos, como cromo ou ch\u00e1 verde.<\/p>\n\n\n\n<p><strong>Dicas pr\u00e1ticas:<\/strong><\/p>\n\n\n\n<ul class=\"wp-block-list\">\n<li>Utilize junto a um plano alimentar equilibrado para melhores resultados.<br><\/li>\n\n\n\n<li>Combine com pr\u00e1tica regular de atividade f\u00edsica.<br><\/li>\n\n\n\n<li>N\u00e3o use como substituto de uma alimenta\u00e7\u00e3o saud\u00e1vel.<br><\/li>\n<\/ul>\n\n\n\n<h2 class=\"wp-block-heading\"><strong>Cuidados e contraindica\u00e7\u00f5es<\/strong><\/h2>\n\n\n\n<p>A <strong>faseolamina<\/strong> \u00e9 segura para a maioria das pessoas, mas pode causar desconforto gastrointestinal leve em alguns casos, como gases ou distens\u00e3o abdominal. N\u00e3o \u00e9 indicada para gestantes, lactantes ou pessoas com alergia a leguminosas.<\/p>\n\n\n\n<h2 class=\"wp-block-heading\"><strong>Por que manipular faseolamina na Biofase<\/strong><\/h2>\n\n\n\n<ul class=\"wp-block-list\">\n<li><strong>Dosagem personalizada<\/strong> para cada necessidade.<br><\/li>\n\n\n\n<li><strong>Possibilidade de combina\u00e7\u00f5es<\/strong> com ativos que aceleram o metabolismo ou controlam o apetite.<br><\/li>\n\n\n\n<li><strong>Mat\u00e9ria-prima de qualidade comprovada<\/strong> para efic\u00e1cia garantida.<br><\/li>\n\n\n\n<li><strong>Formato adaptado \u00e0 rotina<\/strong>, como c\u00e1psulas ou sach\u00eas.<br><\/li>\n<\/ul>\n\n\n\n<h2 class=\"wp-block-heading\"><strong>Conclus\u00e3o<\/strong><\/h2>\n\n\n\n<p>A<a href=\"https:\/\/www.biofase.com.br\/faseolamina-500-mg\" target=\"_blank\" rel=\"noopener\"> <strong>faseolamina<\/strong><\/a> \u00e9 uma aliada natural para quem busca controle de peso e melhor gest\u00e3o dos carboidratos na dieta. Quando manipulada de forma personalizada, seus efeitos s\u00e3o potencializados e integrados a um plano de sa\u00fade e nutri\u00e7\u00e3o completo.<\/p>\n\n\n\n<p>Refer\u00eancia externa: encontre estudos sobre a faseolamina no<a href=\"https:\/\/pubmed.ncbi.nlm.nih.gov\/\" target=\"_blank\" rel=\"noopener\"> <strong>PubMed<\/strong><\/a>.<\/p>\n","protected":false},"excerpt":{"rendered":"<p>A faseolamina \u00e9 um ativo natural extra\u00eddo do feij\u00e3o-branco (Phaseolus vulgaris), conhecida principalmente por sua a\u00e7\u00e3o no bloqueio<\/p>\n","protected":false},"author":1,"featured_media":60,"comment_status":"open","ping_status":"open","sticky":false,"template":"","format":"standard","meta":{"footnotes":""},"categories":[4],"tags":[],"class_list":["post-59","post","type-post","status-publish","format-standard","has-post-thumbnail","hentry","category-news"],"_links":{"self":[{"href":"https:\/\/skylineru.net\/index.php?rest_route=\/wp\/v2\/posts\/59","targetHints":{"allow":["GET"]}}],"collection":[{"href":"https:\/\/skylineru.net\/index.php?rest_route=\/wp\/v2\/posts"}],"about":[{"href":"https:\/\/skylineru.net\/index.php?rest_route=\/wp\/v2\/types\/post"}],"author":[{"embeddable":true,"href":"https:\/\/skylineru.net\/index.php?rest_route=\/wp\/v2\/users\/1"}],"replies":[{"embeddable":true,"href":"https:\/\/skylineru.net\/index.php?rest_route=%2Fwp%2Fv2%2Fcomments&post=59"}],"version-history":[{"count":2,"href":"https:\/\/skylineru.net\/index.php?rest_route=\/wp\/v2\/posts\/59\/revisions"}],"predecessor-version":[{"id":62,"href":"https:\/\/skylineru.net\/index.php?rest_route=\/wp\/v2\/posts\/59\/revisions\/62"}],"wp:featuredmedia":[{"embeddable":true,"href":"https:\/\/skylineru.net\/index.php?rest_route=\/wp\/v2\/media\/60"}],"wp:attachment":[{"href":"https:\/\/skylineru.net\/index.php?rest_route=%2Fwp%2Fv2%2Fmedia&parent=59"}],"wp:term":[{"taxonomy":"category","embeddable":true,"href":"https:\/\/skylineru.net\/index.php?rest_route=%2Fwp%2Fv2%2Fcategories&post=59"},{"taxonomy":"post_tag","embeddable":true,"href":"https:\/\/skylineru.net\/index.php?rest_route=%2Fwp%2Fv2%2Ftags&post=59"}],"curies":[{"name":"wp","href":"https:\/\/api.w.org\/{rel}","templated":true}]}}