{"id":53,"date":"2025-08-25T18:21:26","date_gmt":"2025-08-25T18:21:26","guid":{"rendered":"https:\/\/skylineru.net\/?p=53"},"modified":"2025-08-11T18:24:38","modified_gmt":"2025-08-11T18:24:38","slug":"ac-retinoico-o-ativo-poderoso-para-renovacao-e-saude-da-pele","status":"publish","type":"post","link":"https:\/\/skylineru.net\/?p=53","title":{"rendered":"Ac Retinoico: O Ativo Poderoso para Renova\u00e7\u00e3o e Sa\u00fade da Pele"},"content":{"rendered":"\n<p>O<a href=\"https:\/\/clinicaleilanecatricala.com.br\/blog\/158\/acido-retinoico-ou-retinol-tudo-que-voce-precisa-saber-sobre-este-queridinho\" target=\"_blank\" rel=\"noopener\"> <strong>ac retinoico<\/strong><\/a> \u00e9 um dos ativos dermatol\u00f3gicos mais estudados e eficazes quando o assunto \u00e9 rejuvenescimento e tratamento de problemas de pele. Reconhecido por dermatologistas em todo o mundo, ele atua de forma profunda, estimulando a renova\u00e7\u00e3o celular e a produ\u00e7\u00e3o de col\u00e1geno, proporcionando uma pele mais firme, uniforme e saud\u00e1vel.<\/p>\n\n\n\n<p>Neste artigo, vamos entender o que \u00e9 o \u00e1cido retinoico, como ele age na pele, seus principais benef\u00edcios, formas de uso, cuidados necess\u00e1rios e quando buscar ajuda profissional para incluir esse ativo na sua rotina de skincare.<\/p>\n\n\n\n<hr class=\"wp-block-separator has-alpha-channel-opacity\"\/>\n\n\n\n<h2 class=\"wp-block-heading\"><strong>O que \u00e9 o Ac Retinoico?<\/strong><\/h2>\n\n\n\n<p>O \u00e1cido retinoico \u00e9 uma forma \u00e1cida da vitamina A, tamb\u00e9m conhecida como tretino\u00edna. Ele pertence \u00e0 classe dos retinoides, compostos que possuem um papel fundamental no processo de renova\u00e7\u00e3o celular e na s\u00edntese de col\u00e1geno.<\/p>\n\n\n\n<p>Diferente de outros derivados da vitamina A, como o retinol, o<a href=\"https:\/\/clinicaleilanecatricala.com.br\/blog\/158\/acido-retinoico-ou-retinol-tudo-que-voce-precisa-saber-sobre-este-queridinho\" target=\"_blank\" rel=\"noopener\"> <strong>ac retinoico<\/strong><\/a> tem a\u00e7\u00e3o direta e imediata na pele, sendo mais potente e exigindo acompanhamento m\u00e9dico para uso seguro.<\/p>\n\n\n\n<hr class=\"wp-block-separator has-alpha-channel-opacity\"\/>\n\n\n\n<h2 class=\"wp-block-heading\"><strong>Benef\u00edcios do Ac Retinoico para a Pele<\/strong><\/h2>\n\n\n\n<p>O uso regular do \u00e1cido retinoico traz uma s\u00e9rie de benef\u00edcios, entre eles:<\/p>\n\n\n\n<ul class=\"wp-block-list\">\n<li><strong>Estimula a produ\u00e7\u00e3o de col\u00e1geno<\/strong>, mantendo a pele firme e el\u00e1stica<br><\/li>\n\n\n\n<li><strong>Melhora a textura e o vi\u00e7o<\/strong>, deixando a pele mais uniforme<br><\/li>\n\n\n\n<li><strong>Reduz manchas e hiperpigmenta\u00e7\u00f5es<\/strong>, clareando gradualmente a pele<br><\/li>\n\n\n\n<li><strong>Combate rugas e linhas finas<\/strong>, suavizando sinais do envelhecimento<br><\/li>\n\n\n\n<li><strong>Auxilia no tratamento da acne<\/strong>, desobstruindo poros e prevenindo cravos<br><\/li>\n<\/ul>\n\n\n\n<p>Segundo estudos publicados na Wikipedia, a efic\u00e1cia do \u00e1cido retinoico \u00e9 comprovada em diferentes tipos de pele, sendo um dos tratamentos mais indicados por especialistas.<\/p>\n\n\n\n<hr class=\"wp-block-separator has-alpha-channel-opacity\"\/>\n\n\n\n<h2 class=\"wp-block-heading\"><strong>Como o Ac Retinoico Age na Pele<\/strong><\/h2>\n\n\n\n<p>A a\u00e7\u00e3o do<a href=\"https:\/\/clinicaleilanecatricala.com.br\/blog\/158\/acido-retinoico-ou-retinol-tudo-que-voce-precisa-saber-sobre-este-queridinho\" target=\"_blank\" rel=\"noopener\"> <strong>ac retinoico<\/strong><\/a> \u00e9 multifuncional. Ele acelera a renova\u00e7\u00e3o celular, substituindo c\u00e9lulas antigas por novas mais rapidamente. Isso ajuda a suavizar a superf\u00edcie da pele, reduzir a apar\u00eancia de manchas e estimular a forma\u00e7\u00e3o de fibras de col\u00e1geno.<\/p>\n\n\n\n<p>Al\u00e9m disso, sua a\u00e7\u00e3o anti-inflamat\u00f3ria \u00e9 ben\u00e9fica para peles acneicas, reduzindo les\u00f5es e prevenindo novas erup\u00e7\u00f5es.<\/p>\n\n\n\n<hr class=\"wp-block-separator has-alpha-channel-opacity\"\/>\n\n\n\n<h2 class=\"wp-block-heading\"><strong>Formas de Uso do Ac Retinoico<\/strong><\/h2>\n\n\n\n<p>O \u00e1cido retinoico pode ser encontrado em diferentes concentra\u00e7\u00f5es, normalmente variando entre 0,025% e 0,1%. A escolha da concentra\u00e7\u00e3o adequada deve ser feita por um dermatologista, considerando as necessidades da pele e a toler\u00e2ncia individual.<\/p>\n\n\n\n<p>O uso costuma ser noturno, pois o ativo \u00e9 fotossens\u00edvel e pode oxidar com a exposi\u00e7\u00e3o \u00e0 luz solar. Para potencializar os efeitos, recomenda-se aplicar um hidratante logo ap\u00f3s a absor\u00e7\u00e3o do produto.<\/p>\n\n\n\n<hr class=\"wp-block-separator has-alpha-channel-opacity\"\/>\n\n\n\n<h2 class=\"wp-block-heading\"><strong>Poss\u00edveis Efeitos Colaterais<\/strong><\/h2>\n\n\n\n<p>Entre os efeitos colaterais mais comuns do<a href=\"https:\/\/clinicaleilanecatricala.com.br\/blog\/158\/acido-retinoico-ou-retinol-tudo-que-voce-precisa-saber-sobre-este-queridinho\" target=\"_blank\" rel=\"noopener\"> <strong>ac retinoico<\/strong><\/a> est\u00e3o vermelhid\u00e3o, descama\u00e7\u00e3o, sensa\u00e7\u00e3o de ard\u00eancia e ressecamento. Esses sintomas geralmente diminuem conforme a pele se adapta ao tratamento.<\/p>\n\n\n\n<p>Para minimizar desconfortos:<\/p>\n\n\n\n<ul class=\"wp-block-list\">\n<li>Comece com aplica\u00e7\u00f5es espa\u00e7adas (duas a tr\u00eas vezes por semana)<br><\/li>\n\n\n\n<li>Use sempre protetor solar de amplo espectro<br><\/li>\n\n\n\n<li>Evite outros ativos irritantes no mesmo per\u00edodo de aplica\u00e7\u00e3o<br><\/li>\n<\/ul>\n\n\n\n<hr class=\"wp-block-separator has-alpha-channel-opacity\"\/>\n\n\n\n<h2 class=\"wp-block-heading\"><strong>Diferen\u00e7a entre Ac Retinoico e Retinol<\/strong><\/h2>\n\n\n\n<p>Embora ambos sejam derivados da vitamina A, o \u00e1cido retinoico \u00e9 mais potente, agindo de forma direta na pele, enquanto o retinol precisa passar por convers\u00e3o enzim\u00e1tica para se tornar ativo. Isso faz com que o<a href=\"https:\/\/clinicaleilanecatricala.com.br\/blog\/158\/acido-retinoico-ou-retinol-tudo-que-voce-precisa-saber-sobre-este-queridinho\" target=\"_blank\" rel=\"noopener\"> <strong>ac retinoico<\/strong><\/a> tenha resultados mais r\u00e1pidos, mas tamb\u00e9m maior potencial de irrita\u00e7\u00e3o.<\/p>\n\n\n\n<hr class=\"wp-block-separator has-alpha-channel-opacity\"\/>\n\n\n\n<h2 class=\"wp-block-heading\"><strong>Associa\u00e7\u00e3o com Outros Tratamentos<\/strong><\/h2>\n\n\n\n<p>O \u00e1cido retinoico pode ser associado a procedimentos est\u00e9ticos, como peelings e laser, para potencializar resultados, desde que haja intervalo seguro entre as aplica\u00e7\u00f5es. Essa combina\u00e7\u00e3o pode melhorar manchas resistentes, rugas profundas e irregularidades na textura da pele.<\/p>\n\n\n\n<hr class=\"wp-block-separator has-alpha-channel-opacity\"\/>\n\n\n\n<h2 class=\"wp-block-heading\"><strong>Quem Pode Usar Ac Retinoico<\/strong><\/h2>\n\n\n\n<p>O uso do \u00e1cido retinoico \u00e9 indicado para pessoas que desejam tratar sinais de envelhecimento, acne, manchas e textura irregular da pele. No entanto, gr\u00e1vidas e lactantes devem evitar o uso, e pessoas com pele muito sens\u00edvel devem iniciar o tratamento com cautela.<\/p>\n\n\n\n<hr class=\"wp-block-separator has-alpha-channel-opacity\"\/>\n\n\n\n<h2 class=\"wp-block-heading\"><strong>A Import\u00e2ncia do Acompanhamento Profissional<\/strong><\/h2>\n\n\n\n<p>Apesar de ser um ativo extremamente eficaz, o \u00e1cido retinoico exige cuidado e supervis\u00e3o. Na <strong>Cl\u00ednica Leilane Catricala<\/strong>, o uso do<a href=\"https:\/\/clinicaleilanecatricala.com.br\/blog\/158\/acido-retinoico-ou-retinol-tudo-que-voce-precisa-saber-sobre-este-queridinho\" target=\"_blank\" rel=\"noopener\"> <strong>ac retinoico<\/strong><\/a> \u00e9 orientado por especialistas, que avaliam o tipo de pele, determinam a concentra\u00e7\u00e3o ideal e acompanham de perto a evolu\u00e7\u00e3o do tratamento.<\/p>\n\n\n\n<hr class=\"wp-block-separator has-alpha-channel-opacity\"\/>\n\n\n\n<h2 class=\"wp-block-heading\"><strong>Conclus\u00e3o<\/strong><\/h2>\n\n\n\n<p>O \u00e1cido retinoico \u00e9 um dos maiores aliados na busca por uma pele renovada, uniforme e saud\u00e1vel. Com orienta\u00e7\u00e3o profissional e uso correto, ele pode transformar a apar\u00eancia da pele de forma segura e duradoura. Para resultados personalizados, a <strong>Cl\u00ednica Leilane Catricala<\/strong> oferece acompanhamento especializado, garantindo que cada paciente aproveite ao m\u00e1ximo os benef\u00edcios desse ativo potente.<\/p>\n","protected":false},"excerpt":{"rendered":"<p>O ac retinoico \u00e9 um dos ativos dermatol\u00f3gicos mais estudados e eficazes quando o assunto \u00e9 rejuvenescimento e<\/p>\n","protected":false},"author":1,"featured_media":54,"comment_status":"open","ping_status":"open","sticky":false,"template":"","format":"standard","meta":{"footnotes":""},"categories":[4],"tags":[],"class_list":["post-53","post","type-post","status-publish","format-standard","has-post-thumbnail","hentry","category-news"],"_links":{"self":[{"href":"https:\/\/skylineru.net\/index.php?rest_route=\/wp\/v2\/posts\/53","targetHints":{"allow":["GET"]}}],"collection":[{"href":"https:\/\/skylineru.net\/index.php?rest_route=\/wp\/v2\/posts"}],"about":[{"href":"https:\/\/skylineru.net\/index.php?rest_route=\/wp\/v2\/types\/post"}],"author":[{"embeddable":true,"href":"https:\/\/skylineru.net\/index.php?rest_route=\/wp\/v2\/users\/1"}],"replies":[{"embeddable":true,"href":"https:\/\/skylineru.net\/index.php?rest_route=%2Fwp%2Fv2%2Fcomments&post=53"}],"version-history":[{"count":1,"href":"https:\/\/skylineru.net\/index.php?rest_route=\/wp\/v2\/posts\/53\/revisions"}],"predecessor-version":[{"id":55,"href":"https:\/\/skylineru.net\/index.php?rest_route=\/wp\/v2\/posts\/53\/revisions\/55"}],"wp:featuredmedia":[{"embeddable":true,"href":"https:\/\/skylineru.net\/index.php?rest_route=\/wp\/v2\/media\/54"}],"wp:attachment":[{"href":"https:\/\/skylineru.net\/index.php?rest_route=%2Fwp%2Fv2%2Fmedia&parent=53"}],"wp:term":[{"taxonomy":"category","embeddable":true,"href":"https:\/\/skylineru.net\/index.php?rest_route=%2Fwp%2Fv2%2Fcategories&post=53"},{"taxonomy":"post_tag","embeddable":true,"href":"https:\/\/skylineru.net\/index.php?rest_route=%2Fwp%2Fv2%2Ftags&post=53"}],"curies":[{"name":"wp","href":"https:\/\/api.w.org\/{rel}","templated":true}]}}