{"id":50,"date":"2025-08-25T18:15:13","date_gmt":"2025-08-25T18:15:13","guid":{"rendered":"https:\/\/skylineru.net\/?p=50"},"modified":"2025-08-11T18:21:09","modified_gmt":"2025-08-11T18:21:09","slug":"fotona-laser-tecnologia-avancada-para-cuidados-com-a-pele","status":"publish","type":"post","link":"https:\/\/skylineru.net\/?p=50","title":{"rendered":"Fotona Laser: Tecnologia Avan\u00e7ada para Cuidados com a Pele"},"content":{"rendered":"\n<p>O<a href=\"https:\/\/clinicaleilanecatricala.com.br\/blog\/215\/laser-fotona-valor-e-beneficios-para-cuidados-com-a-pele\" target=\"_blank\" rel=\"noopener\"> <strong>fotona laser<\/strong><\/a> \u00e9 uma das tecnologias mais inovadoras no universo dos tratamentos est\u00e9ticos e dermatol\u00f3gicos. Reconhecido por sua versatilidade e efici\u00eancia, ele atua em diferentes camadas da pele, proporcionando resultados vis\u00edveis j\u00e1 nas primeiras sess\u00f5es e com m\u00ednimo tempo de recupera\u00e7\u00e3o.<\/p>\n\n\n\n<hr class=\"wp-block-separator has-alpha-channel-opacity\"\/>\n\n\n\n<h2 class=\"wp-block-heading\"><strong>O Que \u00e9 o Fotona Laser?<\/strong><\/h2>\n\n\n\n<p>O <strong>fotona laser<\/strong> \u00e9 um equipamento de \u00faltima gera\u00e7\u00e3o que utiliza comprimentos de onda espec\u00edficos para tratar diversas condi\u00e7\u00f5es est\u00e9ticas e cl\u00ednicas. Ele pode ser aplicado para rejuvenescimento, melhora da textura, clareamento de manchas, est\u00edmulo de col\u00e1geno e at\u00e9 tratamento de cicatrizes e flacidez facial.<\/p>\n\n\n\n<p>Gra\u00e7as \u00e0 sua precis\u00e3o, o<a href=\"https:\/\/clinicaleilanecatricala.com.br\/blog\/215\/laser-fotona-valor-e-beneficios-para-cuidados-com-a-pele\" target=\"_blank\" rel=\"noopener\"> <strong>fotona laser<\/strong><\/a> oferece seguran\u00e7a e resultados duradouros, sendo indicado tanto para homens quanto para mulheres.<\/p>\n\n\n\n<hr class=\"wp-block-separator has-alpha-channel-opacity\"\/>\n\n\n\n<h2 class=\"wp-block-heading\"><strong>Principais Indica\u00e7\u00f5es do Fotona Laser<\/strong><\/h2>\n\n\n\n<p>O tratamento com <strong>fotona laser<\/strong> pode ser realizado para diferentes finalidades est\u00e9ticas e terap\u00eauticas, incluindo:<\/p>\n\n\n\n<ul class=\"wp-block-list\">\n<li>Rejuvenescimento facial;<br><\/li>\n\n\n\n<li>Clareamento de manchas;<br><\/li>\n\n\n\n<li>Redu\u00e7\u00e3o de rugas e linhas de express\u00e3o;<br><\/li>\n\n\n\n<li>Melhora da flacidez;<br><\/li>\n\n\n\n<li>Tratamento de cicatrizes de acne;<br><\/li>\n\n\n\n<li>Procedimentos \u00edntimos est\u00e9ticos e funcionais.<br><\/li>\n<\/ul>\n\n\n\n<p>Essa versatilidade faz com que o<a href=\"https:\/\/clinicaleilanecatricala.com.br\/blog\/215\/laser-fotona-valor-e-beneficios-para-cuidados-com-a-pele\" target=\"_blank\" rel=\"noopener\"> <strong>fotona laser<\/strong><\/a> seja um investimento eficaz para quem busca renovar a apar\u00eancia de forma segura.<\/p>\n\n\n\n<hr class=\"wp-block-separator has-alpha-channel-opacity\"\/>\n\n\n\n<h2 class=\"wp-block-heading\"><strong>Como Funciona o Fotona Laser?<\/strong><\/h2>\n\n\n\n<p>O <strong>fotona laser<\/strong> atua emitindo feixes de luz que atingem camadas espec\u00edficas da pele, estimulando a produ\u00e7\u00e3o natural de col\u00e1geno e elastina. Esse processo melhora a firmeza, suaviza irregularidades e promove um aspecto mais saud\u00e1vel e jovem.<\/p>\n\n\n\n<p>Al\u00e9m disso, o<a href=\"https:\/\/clinicaleilanecatricala.com.br\/blog\/215\/laser-fotona-valor-e-beneficios-para-cuidados-com-a-pele\" target=\"_blank\" rel=\"noopener\"> <strong>fotona laser<\/strong><\/a> tem protocolos adapt\u00e1veis, permitindo tratamentos personalizados para cada tipo de pele e objetivo do paciente.<\/p>\n\n\n\n<hr class=\"wp-block-separator has-alpha-channel-opacity\"\/>\n\n\n\n<h2 class=\"wp-block-heading\"><strong>Vantagens do Fotona Laser<\/strong><\/h2>\n\n\n\n<p>Entre os principais benef\u00edcios do <strong>fotona laser<\/strong>, podemos destacar:<\/p>\n\n\n\n<ul class=\"wp-block-list\">\n<li>Resultados vis\u00edveis rapidamente;<br><\/li>\n\n\n\n<li>Procedimento seguro e minimamente invasivo;<br><\/li>\n\n\n\n<li>Pouco ou nenhum tempo de recupera\u00e7\u00e3o;<br><\/li>\n\n\n\n<li>Tratamento personalizado;<br><\/li>\n\n\n\n<li>Melhora global da qualidade da pele.<br><\/li>\n<\/ul>\n\n\n\n<p>Com esses benef\u00edcios, n\u00e3o \u00e9 \u00e0 toa que o<a href=\"https:\/\/clinicaleilanecatricala.com.br\/blog\/215\/laser-fotona-valor-e-beneficios-para-cuidados-com-a-pele\" target=\"_blank\" rel=\"noopener\"> <strong>fotona laser<\/strong><\/a> se tornou um dos queridinhos nos consult\u00f3rios dermatol\u00f3gicos.<\/p>\n\n\n\n<hr class=\"wp-block-separator has-alpha-channel-opacity\"\/>\n\n\n\n<h2 class=\"wp-block-heading\"><strong>Conclus\u00e3o \u2013 Fotona Laser na Cl\u00ednica Leilane Catricala<\/strong><\/h2>\n\n\n\n<p>O <strong>fotona laser<\/strong> \u00e9 uma solu\u00e7\u00e3o moderna, segura e eficaz para quem deseja tratar manchas, rugas, flacidez e outras condi\u00e7\u00f5es de pele sem recorrer a cirurgias.<\/p>\n\n\n\n<p>Na <strong>Cl\u00ednica Leilane Catricala<\/strong>, voc\u00ea encontra profissionais altamente qualificados e protocolos exclusivos para garantir que cada sess\u00e3o de<a href=\"https:\/\/clinicaleilanecatricala.com.br\/blog\/215\/laser-fotona-valor-e-beneficios-para-cuidados-com-a-pele\" target=\"_blank\" rel=\"noopener\"> <strong>fotona laser<\/strong><\/a> traga os melhores resultados para o seu caso. Com tecnologia de ponta e atendimento personalizado, o cuidado com sua pele \u00e9 levado a um novo n\u00edvel.<\/p>\n","protected":false},"excerpt":{"rendered":"<p>O fotona laser \u00e9 uma das tecnologias mais inovadoras no universo dos tratamentos est\u00e9ticos e dermatol\u00f3gicos. Reconhecido por<\/p>\n","protected":false},"author":1,"featured_media":51,"comment_status":"open","ping_status":"open","sticky":false,"template":"","format":"standard","meta":{"footnotes":""},"categories":[4],"tags":[],"class_list":["post-50","post","type-post","status-publish","format-standard","has-post-thumbnail","hentry","category-news"],"_links":{"self":[{"href":"https:\/\/skylineru.net\/index.php?rest_route=\/wp\/v2\/posts\/50","targetHints":{"allow":["GET"]}}],"collection":[{"href":"https:\/\/skylineru.net\/index.php?rest_route=\/wp\/v2\/posts"}],"about":[{"href":"https:\/\/skylineru.net\/index.php?rest_route=\/wp\/v2\/types\/post"}],"author":[{"embeddable":true,"href":"https:\/\/skylineru.net\/index.php?rest_route=\/wp\/v2\/users\/1"}],"replies":[{"embeddable":true,"href":"https:\/\/skylineru.net\/index.php?rest_route=%2Fwp%2Fv2%2Fcomments&post=50"}],"version-history":[{"count":1,"href":"https:\/\/skylineru.net\/index.php?rest_route=\/wp\/v2\/posts\/50\/revisions"}],"predecessor-version":[{"id":52,"href":"https:\/\/skylineru.net\/index.php?rest_route=\/wp\/v2\/posts\/50\/revisions\/52"}],"wp:featuredmedia":[{"embeddable":true,"href":"https:\/\/skylineru.net\/index.php?rest_route=\/wp\/v2\/media\/51"}],"wp:attachment":[{"href":"https:\/\/skylineru.net\/index.php?rest_route=%2Fwp%2Fv2%2Fmedia&parent=50"}],"wp:term":[{"taxonomy":"category","embeddable":true,"href":"https:\/\/skylineru.net\/index.php?rest_route=%2Fwp%2Fv2%2Fcategories&post=50"},{"taxonomy":"post_tag","embeddable":true,"href":"https:\/\/skylineru.net\/index.php?rest_route=%2Fwp%2Fv2%2Ftags&post=50"}],"curies":[{"name":"wp","href":"https:\/\/api.w.org\/{rel}","templated":true}]}}