{"id":40,"date":"2025-07-27T19:53:39","date_gmt":"2025-07-27T19:53:39","guid":{"rendered":"https:\/\/skylineru.net\/?p=40"},"modified":"2025-07-16T19:56:24","modified_gmt":"2025-07-16T19:56:24","slug":"calca-tricot-feminina-conforto-e-estilo-no-inverno-brasileiro","status":"publish","type":"post","link":"https:\/\/skylineru.net\/?p=40","title":{"rendered":"Cal\u00e7a Tricot Feminina: Conforto e Estilo no Inverno Brasileiro"},"content":{"rendered":"\n<p>Em uma manh\u00e3 fria de julho, Marina tinha um dia cheio pela frente: home office, mercado e um caf\u00e9 com as amigas \u00e0 tarde. Ela queria algo pr\u00e1tico, quentinho e elegante. Escolheu sua<a href=\"https:\/\/www.bonassatricot.com.br\/inverno\/calca\" target=\"_blank\" rel=\"noopener\"> <strong>cal\u00e7a tricot feminina<\/strong><\/a> preferida. Em minutos, combinou com su\u00e9ter canelado e bota. Estava pronta para tudo \u2014 confort\u00e1vel, estilosa e confiante.<\/p>\n\n\n\n<p>Essa cena \u00e9 cada vez mais comum no inverno brasileiro. A cal\u00e7a de tricot conquistou seu espa\u00e7o como pe\u00e7a essencial, unindo o melhor dos dois mundos: o aconchego de uma malha macia e o toque de sofistica\u00e7\u00e3o que eleva qualquer look.<\/p>\n\n\n\n<hr class=\"wp-block-separator has-alpha-channel-opacity\"\/>\n\n\n\n<h2 class=\"wp-block-heading\"><strong>O que \u00e9 uma Cal\u00e7a Tricot Feminina?<\/strong><\/h2>\n\n\n\n<p>A <strong>cal\u00e7a tricot feminina<\/strong> \u00e9 confeccionada em fios entrela\u00e7ados em trama male\u00e1vel e flex\u00edvel, criando um tecido com caimento impec\u00e1vel.<\/p>\n\n\n\n<p>Diferente de jeans ou tecidos planos, o tricot oferece elasticidade natural, abra\u00e7ando o corpo sem apertar. A textura caracter\u00edstica valoriza o visual e traz aquela sensa\u00e7\u00e3o aconchegante que s\u00f3 o tricot proporciona.<\/p>\n\n\n\n<p>Na <strong>Bonassa Tricot<\/strong>, cada<a href=\"https:\/\/www.bonassatricot.com.br\/inverno\/calca\" target=\"_blank\" rel=\"noopener\"> <strong>cal\u00e7a tricot feminina<\/strong><\/a> \u00e9 pensada para oferecer qualidade, design contempor\u00e2neo e aquele charme artesanal t\u00e3o desejado.<\/p>\n\n\n\n<hr class=\"wp-block-separator has-alpha-channel-opacity\"\/>\n\n\n\n<h2 class=\"wp-block-heading\"><strong>Por que Apostar em uma Cal\u00e7a Tricot Feminina?<\/strong><\/h2>\n\n\n\n<ul class=\"wp-block-list\">\n<li><strong>Conforto absoluto:<\/strong> modelagem que se adapta ao corpo.<br><\/li>\n\n\n\n<li><strong>Isolamento t\u00e9rmico:<\/strong> aquece sem sufocar.<br><\/li>\n\n\n\n<li><strong>Versatilidade:<\/strong> vai do home office ao passeio no fim de semana.<br><\/li>\n\n\n\n<li><strong>Estilo atemporal:<\/strong> combina com v\u00e1rias tend\u00eancias e n\u00e3o sai de moda.<br><\/li>\n<\/ul>\n\n\n\n<p>A<a href=\"https:\/\/www.bonassatricot.com.br\/inverno\/calca\" target=\"_blank\" rel=\"noopener\"> <strong>cal\u00e7a tricot feminina<\/strong><\/a> \u00e9 uma pe\u00e7a democr\u00e1tica, que agrada todas as idades e estilos.<\/p>\n\n\n\n<hr class=\"wp-block-separator has-alpha-channel-opacity\"\/>\n\n\n\n<h2 class=\"wp-block-heading\"><strong>Modelagens e Estilos para Todos os Gostos<\/strong><\/h2>\n\n\n\n<p>As cal\u00e7as de tricot oferecem diferentes cortes para cada ocasi\u00e3o:<\/p>\n\n\n\n<ul class=\"wp-block-list\">\n<li><strong>Jogger:<\/strong> el\u00e1stico no tornozelo, vibe casual e esportiva.<br><\/li>\n\n\n\n<li><strong>Pantalona:<\/strong> ampla e fluida, para looks elegantes.<br><\/li>\n\n\n\n<li><strong>Flare:<\/strong> abertura na barra para um toque retr\u00f4.<br><\/li>\n\n\n\n<li><strong>Skinny ou reta:<\/strong> b\u00e1sica e atemporal.<br><\/li>\n<\/ul>\n\n\n\n<p>As cores acompanham as tend\u00eancias do inverno: neutros cl\u00e1ssicos, tons terrosos, verde musgo, caramelo e preto.<\/p>\n\n\n\n<p>Na <strong>Bonassa Tricot<\/strong>, cada<a href=\"https:\/\/www.bonassatricot.com.br\/inverno\/calca\" target=\"_blank\" rel=\"noopener\"> <strong>cal\u00e7a tricot feminina<\/strong><\/a> passa por curadoria para unir moda e conforto com acabamento impec\u00e1vel.<\/p>\n\n\n\n<hr class=\"wp-block-separator has-alpha-channel-opacity\"\/>\n\n\n\n<h2 class=\"wp-block-heading\"><strong>Como Usar a Cal\u00e7a Tricot Feminina com Estilo<\/strong><\/h2>\n\n\n\n<ul class=\"wp-block-list\">\n<li><strong>Look de trabalho:<\/strong> combine pantalona com su\u00e9ter ajustado e bota de salto.<br><\/li>\n\n\n\n<li><strong>Casual de fim de semana:<\/strong> jogger com camiseta b\u00e1sica e t\u00eanis.<br><\/li>\n\n\n\n<li><strong>Sa\u00edda \u00e0 noite:<\/strong> flare com blusa canelada e salto fino.<br><\/li>\n\n\n\n<li><strong>Em casa:<\/strong> oversized com moletom ou blusa macia.<br><\/li>\n<\/ul>\n\n\n\n<p>A<a href=\"https:\/\/www.bonassatricot.com.br\/inverno\/calca\" target=\"_blank\" rel=\"noopener\"> <strong>cal\u00e7a tricot feminina<\/strong><\/a> \u00e9 extremamente vers\u00e1til, se adaptando ao humor e \u00e0 agenda do dia.<\/p>\n\n\n\n<hr class=\"wp-block-separator has-alpha-channel-opacity\"\/>\n\n\n\n<h2 class=\"wp-block-heading\"><strong>Cores e Texturas em Alta para o Inverno 2025<\/strong><\/h2>\n\n\n\n<p>Segundo a Vogue Brasil, as cores quentes e terrosas dominam o inverno. Caramelo, areia, verde-oliva e terracota s\u00e3o apostas fortes.<\/p>\n\n\n\n<p>Texturas como canelado, tran\u00e7as e pontos grossos aparecem com for\u00e7a, valorizando o artesanal.<\/p>\n\n\n\n<p>A <strong>Bonassa Tricot<\/strong> traduz essas tend\u00eancias em<a href=\"https:\/\/www.bonassatricot.com.br\/inverno\/calca\" target=\"_blank\" rel=\"noopener\"> <strong>cal\u00e7a tricot feminina<\/strong><\/a> com design atualizado, fios de qualidade e cores que combinam com tudo.<\/p>\n\n\n\n<hr class=\"wp-block-separator has-alpha-channel-opacity\"\/>\n\n\n\n<h2 class=\"wp-block-heading\"><strong>Moda Sustent\u00e1vel e Consumo Consciente<\/strong><\/h2>\n\n\n\n<p>Optar por uma <strong>cal\u00e7a tricot feminina<\/strong> \u00e9 tamb\u00e9m fazer uma escolha sustent\u00e1vel.<\/p>\n\n\n\n<p>Em vez de pe\u00e7as descart\u00e1veis, voc\u00ea investe em algo que dura v\u00e1rias esta\u00e7\u00f5es e combina com muitos looks, reduzindo desperd\u00edcio e consumo excessivo.<\/p>\n\n\n\n<p>Essa ideia dialoga com o movimento de<a href=\"https:\/\/pt.wikipedia.org\/wiki\/Moda_sustent%C3%A1vel\" target=\"_blank\" rel=\"noopener\"> moda sustent\u00e1vel<\/a>, que valoriza qualidade, \u00e9tica na produ\u00e7\u00e3o e responsabilidade ambiental.<\/p>\n\n\n\n<p>Na Bonassa Tricot, a produ\u00e7\u00e3o \u00e9 nacional, com aten\u00e7\u00e3o aos detalhes e respeito aos profissionais envolvidos.<\/p>\n\n\n\n<hr class=\"wp-block-separator has-alpha-channel-opacity\"\/>\n\n\n\n<h2 class=\"wp-block-heading\"><strong>Cuidados para Prolongar a Vida da sua Cal\u00e7a de Tricot<\/strong><\/h2>\n\n\n\n<p>Para manter sua<a href=\"https:\/\/www.bonassatricot.com.br\/inverno\/calca\" target=\"_blank\" rel=\"noopener\"> <strong>cal\u00e7a tricot feminina<\/strong><\/a> sempre linda:<\/p>\n\n\n\n<ul class=\"wp-block-list\">\n<li>Lave \u00e0 m\u00e3o ou no ciclo delicado da m\u00e1quina.<br><\/li>\n\n\n\n<li>Use sab\u00e3o neutro e \u00e1gua fria.<br><\/li>\n\n\n\n<li>Evite torcer ou centrifugar com for\u00e7a.<br><\/li>\n\n\n\n<li>Seque \u00e0 sombra, sobre superf\u00edcie plana.<br><\/li>\n\n\n\n<li>Guarde dobrada para n\u00e3o deformar.<br><\/li>\n<\/ul>\n\n\n\n<p>Esses cuidados simples garantem maciez, elasticidade e beleza por muitas esta\u00e7\u00f5es.<\/p>\n\n\n\n<hr class=\"wp-block-separator has-alpha-channel-opacity\"\/>\n\n\n\n<h2 class=\"wp-block-heading\"><strong>Depoimentos Reais de Quem Usa<\/strong><\/h2>\n\n\n\n<p>\u201c\u00c9 meu uniforme de inverno! Uso para trabalhar em casa, para sair, para tudo.\u201d \u2014 Paula M.<\/p>\n\n\n\n<p>\u201cSuper confort\u00e1vel e elegante. Comprei uma e j\u00e1 quero outras cores.\u201d \u2014 Fernanda L.<\/p>\n\n\n\n<p>Essas hist\u00f3rias mostram como a<a href=\"https:\/\/www.bonassatricot.com.br\/inverno\/calca\" target=\"_blank\" rel=\"noopener\"> <strong>cal\u00e7a tricot feminina<\/strong><\/a> se torna indispens\u00e1vel para quem valoriza conforto e estilo.<\/p>\n\n\n\n<hr class=\"wp-block-separator has-alpha-channel-opacity\"\/>\n\n\n\n<h2 class=\"wp-block-heading\"><strong>Bonassa Tricot: Design e Qualidade com Alma Brasileira<\/strong><\/h2>\n\n\n\n<p>A <strong>Bonassa Tricot<\/strong> \u00e9 refer\u00eancia em moda feminina em tricot, unindo tradi\u00e7\u00e3o artesanal com design contempor\u00e2neo.<\/p>\n\n\n\n<p>Cada<a href=\"https:\/\/www.bonassatricot.com.br\/inverno\/calca\" target=\"_blank\" rel=\"noopener\"> <strong>cal\u00e7a tricot feminina<\/strong><\/a> da marca carrega qualidade premium, modelagem que valoriza o corpo e cores pensadas para o inverno brasileiro.<\/p>\n\n\n\n<p>Se voc\u00ea procura pe\u00e7as que contam hist\u00f3ria, s\u00e3o dur\u00e1veis e bonitas, a Bonassa \u00e9 a escolha certa.<\/p>\n\n\n\n<hr class=\"wp-block-separator has-alpha-channel-opacity\"\/>\n\n\n\n<h2 class=\"wp-block-heading\"><strong>Conclus\u00e3o: Aposte em uma Cal\u00e7a Tricot Feminina para o Inverno<\/strong><\/h2>\n\n\n\n<p>A <strong>cal\u00e7a tricot feminina<\/strong> n\u00e3o \u00e9 apenas uma tend\u00eancia. Ela \u00e9 um convite para viver o inverno com conforto, estilo e consci\u00eancia.<\/p>\n\n\n\n<p>\u00c9 sobre praticidade para o dia a dia, eleg\u00e2ncia sem esfor\u00e7o e o prazer de vestir algo que abra\u00e7a o corpo e a personalidade.<\/p>\n\n\n\n<p>Descubra a cole\u00e7\u00e3o da <strong>Bonassa Tricot<\/strong> e escolha a cal\u00e7a perfeita para transformar seus dias frios em momentos de puro aconchego e bom gosto.<\/p>\n\n\n\n<hr class=\"wp-block-separator has-alpha-channel-opacity\"\/>\n\n\n\n<p><strong>Para saber mais:<\/strong><\/p>\n\n\n\n<ul class=\"wp-block-list\">\n<li><a href=\"https:\/\/pt.wikipedia.org\/wiki\/Tric%C3%B4\" target=\"_blank\" rel=\"noopener\">Tricot na moda<br><\/a><\/li>\n\n\n\n<li><a href=\"https:\/\/pt.wikipedia.org\/wiki\/Moda_sustent%C3%A1vel\" target=\"_blank\" rel=\"noopener\">Moda sustent\u00e1vel<br><\/a><\/li>\n\n\n\n<li>Tend\u00eancias de inverno<br><\/li>\n<\/ul>\n\n\n\n<p><strong>Direitos autorais reservados \u00e0 Bonassa Tricot<\/strong><\/p>\n","protected":false},"excerpt":{"rendered":"<p>Em uma manh\u00e3 fria de julho, Marina tinha um dia cheio pela frente: home office, mercado e um<\/p>\n","protected":false},"author":1,"featured_media":41,"comment_status":"open","ping_status":"open","sticky":false,"template":"","format":"standard","meta":{"footnotes":""},"categories":[4],"tags":[],"class_list":["post-40","post","type-post","status-publish","format-standard","has-post-thumbnail","hentry","category-news"],"_links":{"self":[{"href":"https:\/\/skylineru.net\/index.php?rest_route=\/wp\/v2\/posts\/40","targetHints":{"allow":["GET"]}}],"collection":[{"href":"https:\/\/skylineru.net\/index.php?rest_route=\/wp\/v2\/posts"}],"about":[{"href":"https:\/\/skylineru.net\/index.php?rest_route=\/wp\/v2\/types\/post"}],"author":[{"embeddable":true,"href":"https:\/\/skylineru.net\/index.php?rest_route=\/wp\/v2\/users\/1"}],"replies":[{"embeddable":true,"href":"https:\/\/skylineru.net\/index.php?rest_route=%2Fwp%2Fv2%2Fcomments&post=40"}],"version-history":[{"count":1,"href":"https:\/\/skylineru.net\/index.php?rest_route=\/wp\/v2\/posts\/40\/revisions"}],"predecessor-version":[{"id":42,"href":"https:\/\/skylineru.net\/index.php?rest_route=\/wp\/v2\/posts\/40\/revisions\/42"}],"wp:featuredmedia":[{"embeddable":true,"href":"https:\/\/skylineru.net\/index.php?rest_route=\/wp\/v2\/media\/41"}],"wp:attachment":[{"href":"https:\/\/skylineru.net\/index.php?rest_route=%2Fwp%2Fv2%2Fmedia&parent=40"}],"wp:term":[{"taxonomy":"category","embeddable":true,"href":"https:\/\/skylineru.net\/index.php?rest_route=%2Fwp%2Fv2%2Fcategories&post=40"},{"taxonomy":"post_tag","embeddable":true,"href":"https:\/\/skylineru.net\/index.php?rest_route=%2Fwp%2Fv2%2Ftags&post=40"}],"curies":[{"name":"wp","href":"https:\/\/api.w.org\/{rel}","templated":true}]}}