{"id":37,"date":"2025-07-27T19:50:59","date_gmt":"2025-07-27T19:50:59","guid":{"rendered":"https:\/\/skylineru.net\/?p=37"},"modified":"2025-07-16T19:53:27","modified_gmt":"2025-07-16T19:53:27","slug":"conjunto-moda-praia-versatilidade-e-estilo-para-os-dias-ao-sol","status":"publish","type":"post","link":"https:\/\/skylineru.net\/?p=37","title":{"rendered":"Conjunto Moda Praia: Versatilidade e Estilo para os Dias ao Sol"},"content":{"rendered":"\n<p>Em uma manh\u00e3 ensolarada no litoral, Ana se preparava para um dia inteiro de praia. Queria um look pr\u00e1tico, bonito e confort\u00e1vel para curtir sem preocupa\u00e7\u00f5es. Sem pensar muito, escolheu seu<a href=\"https:\/\/www.bonassatricot.com.br\/moda-praia\" target=\"_blank\" rel=\"noopener\"> <strong>conjunto moda praia<\/strong><\/a> favorito. Vestiu em segundos e se olhou no espelho: pronta para caminhar na areia, almo\u00e7ar no quiosque ou at\u00e9 mesmo dar uma volta no cal\u00e7ad\u00e3o.<\/p>\n\n\n\n<p>Esse \u00e9 o poder de um bom conjunto de praia: ele transforma o se arrumar em algo f\u00e1cil, mantendo voc\u00ea elegante e confort\u00e1vel em qualquer situa\u00e7\u00e3o.<\/p>\n\n\n\n<hr class=\"wp-block-separator has-alpha-channel-opacity\"\/>\n\n\n\n<h2 class=\"wp-block-heading\"><strong>O que \u00e9 um Conjunto Moda Praia?<\/strong><\/h2>\n\n\n\n<p>Um <strong>conjunto moda praia<\/strong> \u00e9 formado por pe\u00e7as coordenadas \u2014 geralmente top e short, cropped e saia, ou at\u00e9 mesmo sa\u00eddas de praia combinando \u2014 feitos em tecidos leves, frescos e muitas vezes com tramas artesanais como o tricot ou croch\u00ea.<\/p>\n\n\n\n<p>O objetivo \u00e9 unir estilo e praticidade em um s\u00f3 look, criando um visual harm\u00f4nico sem esfor\u00e7o.<\/p>\n\n\n\n<p>Na <strong>Bonassa Tricot<\/strong>, cada<a href=\"https:\/\/www.bonassatricot.com.br\/moda-praia\" target=\"_blank\" rel=\"noopener\"> <strong>conjunto moda praia<\/strong><\/a> \u00e9 desenvolvido para valorizar o corpo com caimento perfeito, cores vibrantes e um toque artesanal que combina com o clima tropical brasileiro.<\/p>\n\n\n\n<hr class=\"wp-block-separator has-alpha-channel-opacity\"\/>\n\n\n\n<h2 class=\"wp-block-heading\"><strong>Por que Apostar em um Conjunto Moda Praia?<\/strong><\/h2>\n\n\n\n<ul class=\"wp-block-list\">\n<li><strong>Look pronto:<\/strong> elimina a d\u00favida sobre combina\u00e7\u00f5es.<br><\/li>\n\n\n\n<li><strong>Leveza:<\/strong> tecidos respir\u00e1veis para o calor intenso.<br><\/li>\n\n\n\n<li><strong>Versatilidade:<\/strong> vai da areia ao barzinho ou centro da cidade.<br><\/li>\n\n\n\n<li><strong>Estilo marcante:<\/strong> um toque natural e sofisticado.<br><\/li>\n<\/ul>\n\n\n\n<p>Investir em um<a href=\"https:\/\/www.bonassatricot.com.br\/moda-praia\" target=\"_blank\" rel=\"noopener\"> <strong>conjunto moda praia<\/strong><\/a> \u00e9 ter a certeza de estar bem-vestida e confort\u00e1vel para qualquer programa \u00e0 beira-mar.<\/p>\n\n\n\n<hr class=\"wp-block-separator has-alpha-channel-opacity\"\/>\n\n\n\n<h2 class=\"wp-block-heading\"><strong>Modelagens e Estilos para Todos os Gostos<\/strong><\/h2>\n\n\n\n<p>Os conjuntos moda praia variam para atender diferentes estilos e ocasi\u00f5es:<\/p>\n\n\n\n<ul class=\"wp-block-list\">\n<li><strong>Cropped e saia curta:<\/strong> jovem e descontra\u00eddo.<br><\/li>\n\n\n\n<li><strong>Top e short:<\/strong> pr\u00e1tico e esportivo.<br><\/li>\n\n\n\n<li><strong>Vestido + kimono:<\/strong> para um visual boho-chic.<br><\/li>\n\n\n\n<li><strong>Tricot vazado:<\/strong> toque artesanal sofisticado.<br><\/li>\n<\/ul>\n\n\n\n<p>Na <strong>Bonassa Tricot<\/strong>, cada<a href=\"https:\/\/www.bonassatricot.com.br\/moda-praia\" target=\"_blank\" rel=\"noopener\"> <strong>conjunto moda praia<\/strong><\/a> \u00e9 pensado para unir conforto e design, com detalhes artesanais que fazem toda a diferen\u00e7a.<\/p>\n\n\n\n<hr class=\"wp-block-separator has-alpha-channel-opacity\"\/>\n\n\n\n<h2 class=\"wp-block-heading\"><strong>Como Usar um Conjunto Moda Praia com Estilo<\/strong><\/h2>\n\n\n\n<ul class=\"wp-block-list\">\n<li><strong>Na areia:<\/strong> combine com chap\u00e9u de palha e chinelo.<br><\/li>\n\n\n\n<li><strong>Para o quiosque:<\/strong> adicione sand\u00e1lia rasteira e bolsa de palha.<br><\/li>\n\n\n\n<li><strong>Passeio no centro:<\/strong> use com t\u00eanis branco e acess\u00f3rios delicados.<br><\/li>\n\n\n\n<li><strong>Em resorts:<\/strong> aposte em cores neutras ou croch\u00ea sofisticado com salto bloco.<br><\/li>\n<\/ul>\n\n\n\n<p>A for\u00e7a do<a href=\"https:\/\/www.bonassatricot.com.br\/moda-praia\" target=\"_blank\" rel=\"noopener\"> <strong>conjunto moda praia<\/strong><\/a> est\u00e1 na versatilidade \u2014 \u00e9 s\u00f3 trocar os acess\u00f3rios para mudar totalmente o clima do look.<\/p>\n\n\n\n<hr class=\"wp-block-separator has-alpha-channel-opacity\"\/>\n\n\n\n<h2 class=\"wp-block-heading\"><strong>Cores e Texturas em Alta para o Ver\u00e3o 2025<\/strong><\/h2>\n\n\n\n<p>Segundo a Vogue Brasil, o ver\u00e3o chega com tons vibrantes como coral, verde-lim\u00e3o e azul-turquesa, al\u00e9m dos neutros cl\u00e1ssicos: branco, areia e bege.<\/p>\n\n\n\n<p>As texturas artesanais continuam fortes, especialmente o tricot e o croch\u00ea com tramas vazadas que trazem charme e leveza.<\/p>\n\n\n\n<p>Na <strong>Bonassa Tricot<\/strong>, essas tend\u00eancias se traduzem em<a href=\"https:\/\/www.bonassatricot.com.br\/moda-praia\" target=\"_blank\" rel=\"noopener\"> <strong>conjunto moda praia<\/strong><\/a> feitos para real\u00e7ar o bronzeado e acompanhar voc\u00ea em todos os momentos do ver\u00e3o.<\/p>\n\n\n\n<hr class=\"wp-block-separator has-alpha-channel-opacity\"\/>\n\n\n\n<h2 class=\"wp-block-heading\"><strong>Moda Sustent\u00e1vel e Consumo Consciente<\/strong><\/h2>\n\n\n\n<p>A escolha de um <strong>conjunto moda praia<\/strong> bem-feito tamb\u00e9m \u00e9 uma atitude sustent\u00e1vel.<\/p>\n\n\n\n<p>Em vez de pe\u00e7as descart\u00e1veis ou de baixa qualidade, voc\u00ea investe em algo dur\u00e1vel, que resiste ao uso frequente e combina com v\u00e1rias ocasi\u00f5es.<\/p>\n\n\n\n<p>Essa ideia dialoga com a<a href=\"https:\/\/pt.wikipedia.org\/wiki\/Moda_sustent%C3%A1vel\" target=\"_blank\" rel=\"noopener\"> moda sustent\u00e1vel<\/a>, que valoriza materiais de qualidade, produ\u00e7\u00e3o \u00e9tica e design pensado para durar.<\/p>\n\n\n\n<p>Na <strong>Bonassa Tricot<\/strong>, cada<a href=\"https:\/\/www.bonassatricot.com.br\/moda-praia\" target=\"_blank\" rel=\"noopener\"> <strong>conjunto moda praia<\/strong><\/a> \u00e9 feito no Brasil, com cuidado artesanal e respeito ao meio ambiente.<\/p>\n\n\n\n<hr class=\"wp-block-separator has-alpha-channel-opacity\"\/>\n\n\n\n<h2 class=\"wp-block-heading\"><strong>Cuidados com o Seu Conjunto Moda Praia<\/strong><\/h2>\n\n\n\n<p>Para manter seu<a href=\"https:\/\/www.bonassatricot.com.br\/moda-praia\" target=\"_blank\" rel=\"noopener\"> <strong>conjunto moda praia<\/strong><\/a> sempre bonito:<\/p>\n\n\n\n<ul class=\"wp-block-list\">\n<li>Lave \u00e0 m\u00e3o ou no ciclo delicado com sab\u00e3o neutro.<br><\/li>\n\n\n\n<li>Use \u00e1gua fria para preservar cores e elasticidade.<br><\/li>\n\n\n\n<li>Evite torcer com for\u00e7a.<br><\/li>\n\n\n\n<li>Seque \u00e0 sombra para manter a forma.<br><\/li>\n\n\n\n<li>Guarde dobrado para n\u00e3o deformar.<br><\/li>\n<\/ul>\n\n\n\n<p>Esses cuidados simples prolongam a vida \u00fatil da pe\u00e7a e mant\u00eam o toque suave.<\/p>\n\n\n\n<hr class=\"wp-block-separator has-alpha-channel-opacity\"\/>\n\n\n\n<h2 class=\"wp-block-heading\"><strong>Depoimentos Reais de Quem Usa<\/strong><\/h2>\n\n\n\n<p>\u201cLevo sempre na mala de viagem. Uso para o caf\u00e9 da manh\u00e3, para a praia e para sair \u00e0 noite com acess\u00f3rios diferentes.\u201d \u2014 Mariana S.<\/p>\n\n\n\n<p>\u201cAmei o caimento e as cores. D\u00e1 para usar em v\u00e1rias combina\u00e7\u00f5es!\u201d \u2014 Paula M.<\/p>\n\n\n\n<p>Esses relatos mostram como o<a href=\"https:\/\/www.bonassatricot.com.br\/moda-praia\" target=\"_blank\" rel=\"noopener\"> <strong>conjunto moda praia<\/strong><\/a> \u00e9 vers\u00e1til, pr\u00e1tico e indispens\u00e1vel para quem ama o ver\u00e3o.<\/p>\n\n\n\n<hr class=\"wp-block-separator has-alpha-channel-opacity\"\/>\n\n\n\n<h2 class=\"wp-block-heading\"><strong>Bonassa Tricot: Design e Qualidade com Alma Brasileira<\/strong><\/h2>\n\n\n\n<p>A <strong>Bonassa Tricot<\/strong> \u00e9 refer\u00eancia nacional em moda praia com identidade brasileira. Suas cole\u00e7\u00f5es unem t\u00e9cnicas artesanais, design contempor\u00e2neo e conforto real.<\/p>\n\n\n\n<p>Na linha de<a href=\"https:\/\/www.bonassatricot.com.br\/moda-praia\" target=\"_blank\" rel=\"noopener\"> <strong>conjunto moda praia<\/strong><\/a>, voc\u00ea encontra op\u00e7\u00f5es para todos os estilos \u2014 do minimalista ao boho-chic \u2014 sempre com acabamentos impec\u00e1veis e fios de qualidade.<\/p>\n\n\n\n<p>\u00c9 a escolha certa para quem valoriza autenticidade, bom gosto e durabilidade em cada pe\u00e7a.<\/p>\n\n\n\n<hr class=\"wp-block-separator has-alpha-channel-opacity\"\/>\n\n\n\n<h2 class=\"wp-block-heading\"><strong>Conclus\u00e3o: Aposte em um Conjunto Moda Praia para um Ver\u00e3o Cheio de Estilo<\/strong><\/h2>\n\n\n\n<p>O <strong>conjunto moda praia<\/strong> \u00e9 mais do que uma pe\u00e7a para cobrir o biqu\u00edni. Ele \u00e9 liberdade, conforto e estilo em um s\u00f3 look.<\/p>\n\n\n\n<p>\u00c9 aquele item que transforma a mala de viagem em algo vers\u00e1til e pr\u00e1tico, acompanhando voc\u00ea do nascer ao p\u00f4r do sol com a leveza que o ver\u00e3o pede.<\/p>\n\n\n\n<p>Descubra a cole\u00e7\u00e3o da <strong>Bonassa Tricot<\/strong> e escolha o seu<a href=\"https:\/\/www.bonassatricot.com.br\/moda-praia\" target=\"_blank\" rel=\"noopener\"> <strong>conjunto moda praia<\/strong><\/a> favorito para viver dias incr\u00edveis \u00e0 beira-mar.<\/p>\n\n\n\n<hr class=\"wp-block-separator has-alpha-channel-opacity\"\/>\n\n\n\n<p><strong>Para saber mais:<\/strong><\/p>\n\n\n\n<ul class=\"wp-block-list\">\n<li><a href=\"https:\/\/pt.wikipedia.org\/wiki\/Tric%C3%B4\" target=\"_blank\" rel=\"noopener\">Tricot na moda<br><\/a><\/li>\n\n\n\n<li><a href=\"https:\/\/pt.wikipedia.org\/wiki\/Moda_sustent%C3%A1vel\" target=\"_blank\" rel=\"noopener\">Moda sustent\u00e1vel<br><\/a><\/li>\n\n\n\n<li>Tend\u00eancias de beachwear<br><\/li>\n<\/ul>\n\n\n\n<p><strong>Direitos autorais reservados \u00e0 Bonassa Tricot<\/strong><\/p>\n","protected":false},"excerpt":{"rendered":"<p>Em uma manh\u00e3 ensolarada no litoral, Ana se preparava para um dia inteiro de praia. Queria um look<\/p>\n","protected":false},"author":1,"featured_media":38,"comment_status":"open","ping_status":"open","sticky":false,"template":"","format":"standard","meta":{"footnotes":""},"categories":[4],"tags":[],"class_list":["post-37","post","type-post","status-publish","format-standard","has-post-thumbnail","hentry","category-news"],"_links":{"self":[{"href":"https:\/\/skylineru.net\/index.php?rest_route=\/wp\/v2\/posts\/37","targetHints":{"allow":["GET"]}}],"collection":[{"href":"https:\/\/skylineru.net\/index.php?rest_route=\/wp\/v2\/posts"}],"about":[{"href":"https:\/\/skylineru.net\/index.php?rest_route=\/wp\/v2\/types\/post"}],"author":[{"embeddable":true,"href":"https:\/\/skylineru.net\/index.php?rest_route=\/wp\/v2\/users\/1"}],"replies":[{"embeddable":true,"href":"https:\/\/skylineru.net\/index.php?rest_route=%2Fwp%2Fv2%2Fcomments&post=37"}],"version-history":[{"count":1,"href":"https:\/\/skylineru.net\/index.php?rest_route=\/wp\/v2\/posts\/37\/revisions"}],"predecessor-version":[{"id":39,"href":"https:\/\/skylineru.net\/index.php?rest_route=\/wp\/v2\/posts\/37\/revisions\/39"}],"wp:featuredmedia":[{"embeddable":true,"href":"https:\/\/skylineru.net\/index.php?rest_route=\/wp\/v2\/media\/38"}],"wp:attachment":[{"href":"https:\/\/skylineru.net\/index.php?rest_route=%2Fwp%2Fv2%2Fmedia&parent=37"}],"wp:term":[{"taxonomy":"category","embeddable":true,"href":"https:\/\/skylineru.net\/index.php?rest_route=%2Fwp%2Fv2%2Fcategories&post=37"},{"taxonomy":"post_tag","embeddable":true,"href":"https:\/\/skylineru.net\/index.php?rest_route=%2Fwp%2Fv2%2Ftags&post=37"}],"curies":[{"name":"wp","href":"https:\/\/api.w.org\/{rel}","templated":true}]}}